{"id":205,"date":"2024-11-22T23:35:21","date_gmt":"2024-11-22T22:35:21","guid":{"rendered":"https:\/\/www.mr1.rw.fau.de\/?p=205"},"modified":"2024-11-24T12:39:59","modified_gmt":"2024-11-24T11:39:59","slug":"alexander-von-humboldt-professur","status":"publish","type":"post","link":"https:\/\/www.mr1.rw.fau.de\/de\/2024\/11\/22\/alexander-von-humboldt-professur\/","title":{"rendered":"Alexander von Humboldt-Professur"},"content":{"rendered":"<h2 style=\"text-align: center\">Antritt der AvH-Professur<\/h2>\n<p>Seit Sommer 2024 ist Prof. Dr. Eva Pils Humboldt-Professorin an der FAU Erlangen-N\u00fcrnberg. Gemeinsam mit der FAU Erlangen-N\u00fcrnberg plant Eva Pils den Bereich der Menschenrechte als Forschungsschwerpunkt auszubauen. Ziel ist es, das Center for Human Rights Erlangen-N\u00fcrnberg (FAU CHREN) und den Fachbereich Rechtswissenschaften europaweit als eine Top-Institution f\u00fcr Forschung und Lehre zu den langfristigen Herausforderungen im Bereich der Menschenrechte zu etablieren.<\/p>\n<div style=\"overflow: hidden\">\n<div class=\"rrze-elements alert clearfix clear alert-example\" title=\"Humboldt-Professur\">\n<p><strong>Humboldt-Professur: Preis f\u00fcr weltweit f\u00fchrende Forschende<\/strong><\/p>\n<p>Die Alexander von Humboldt-Professur ist der h\u00f6chstdotierte deutsche Wissenschaftspreis und wird ausschlie\u00dflich an Spitzenforscherinnen und Spitzenforscher verliehen, die in ihrem Fachgebiet weltweit f\u00fchrend sowie im Ausland t\u00e4tig sind. Die Humboldt-Professuren werden vom Bundesministerium f\u00fcr Bildung und Forschung finanziert und sind mit bis zu 5 Millionen Euro ausgestattet. Die Preistr\u00e4gerinnen und Preistr\u00e4ger sollen mit dem h\u00f6chstdotierten internationalen Forschungspreis des Landes langfristig f\u00fcr die Arbeit in Deutschland gewonnen werden.<\/p>\n<p>Weitere Informationen zur Alexander von Humboldt Stiftung finden Sie <a href=\"https:\/\/www.humboldt-foundation.de\">hier<\/a>.<\/p>\n<\/div>\n<\/div>\n\n","protected":false},"excerpt":{"rendered":"<p>Antritt der AvH-Professur Seit Sommer 2024 ist Prof. Dr. Eva Pils Humboldt-Professorin an der FAU Erlangen-N\u00fcrnberg. Gemeinsam mit der FAU Erlangen-N\u00fcrnberg plant Eva Pils den Bereich der Menschenrechte als Forschungsschwerpunkt auszubauen. Ziel ist es, das Center for Human Rights Erlangen-N\u00fcrnberg (FAU CHREN) und den Fachbereich Rechtswissenschaften europaweit als eine Top-Institution f\u00fcr Forschung und Lehre zu [&hellip;]<\/p>\n","protected":false},"author":4134,"featured_media":77,"comment_status":"closed","ping_status":"open","sticky":false,"template":"","format":"standard","meta":{"_rrze_cache":"enabled","_rrze_multilang_single_locale":"de_DE_formal","_rrze_multilang_single_source":"https:\/\/www.mr1.rw.fau.de\/?p=72","footnotes":""},"categories":[6],"tags":[],"class_list":["post-205","post","type-post","status-publish","format-standard","has-post-thumbnail","hentry","category-news","de-DE-formal"],"_links":{"self":[{"href":"https:\/\/www.mr1.rw.fau.de\/wp-json\/wp\/v2\/posts\/205","targetHints":{"allow":["GET"]}}],"collection":[{"href":"https:\/\/www.mr1.rw.fau.de\/wp-json\/wp\/v2\/posts"}],"about":[{"href":"https:\/\/www.mr1.rw.fau.de\/wp-json\/wp\/v2\/types\/post"}],"author":[{"embeddable":true,"href":"https:\/\/www.mr1.rw.fau.de\/wp-json\/wp\/v2\/users\/4134"}],"replies":[{"embeddable":true,"href":"https:\/\/www.mr1.rw.fau.de\/wp-json\/wp\/v2\/comments?post=205"}],"version-history":[{"count":3,"href":"https:\/\/www.mr1.rw.fau.de\/wp-json\/wp\/v2\/posts\/205\/revisions"}],"predecessor-version":[{"id":236,"href":"https:\/\/www.mr1.rw.fau.de\/wp-json\/wp\/v2\/posts\/205\/revisions\/236"}],"wp:featuredmedia":[{"embeddable":true,"href":"https:\/\/www.mr1.rw.fau.de\/wp-json\/wp\/v2\/media\/77"}],"wp:attachment":[{"href":"https:\/\/www.mr1.rw.fau.de\/wp-json\/wp\/v2\/media?parent=205"}],"wp:term":[{"taxonomy":"category","embeddable":true,"href":"https:\/\/www.mr1.rw.fau.de\/wp-json\/wp\/v2\/categories?post=205"},{"taxonomy":"post_tag","embeddable":true,"href":"https:\/\/www.mr1.rw.fau.de\/wp-json\/wp\/v2\/tags?post=205"}],"curies":[{"name":"wp","href":"https:\/\/api.w.org\/{rel}","templated":true}]}}